{"id":5139,"date":"2011-05-21T21:00:12","date_gmt":"2011-05-21T11:00:12","guid":{"rendered":"http:\/\/magontec.devoim.com\/?p=5139\/"},"modified":"2017-03-18T00:26:09","modified_gmt":"2017-03-17T13:26:09","slug":"2011-mai-ima-conference-in-prag-internationale-gaeste-bei-der-magontec-group-zu-gast","status":"publish","type":"post","link":"http:\/\/magontec.com\/de\/2011-mai-ima-conference-in-prag-internationale-gaeste-bei-der-magontec-group-zu-gast\/","title":{"rendered":"2011 Mai \u2013 IMA Conference in Prag \u2013 Internationale G\u00e4ste bei der Magontec Group zu Gast"},"content":{"rendered":"<p>Magontec nutzte die Jahreskonferenz der International Magnesium Association, um neue Anwendungen f\u00fcr Magnesiumlegierungen zu pr\u00e4sentieren. Der Automotive-Sektor bildete den Schwerpunkt der aus Legierungen von Magontec gefertigten Teile. Darunter befanden sich das Innenteil der Heckwandt\u00fcr eines f\u00fchrenden deutschen Autobauers auf der Grundlage von AM 50. Au\u00dferdem konnte ein Instrumententr\u00e4ger vorgestellt werden, der ebenfalls auf der Basis von AM50 von einem weltweit f\u00fchrenden Druckgie\u00dfer gefertigt wird. Die Pr\u00e4sentation wurde abgerundet durch die Mittelkonsole eines Fahrzeugs der Luxusklasse auf der Basis der Legierung AZ91.<\/p>\n<p>In einem Fachvortrag stellte Dr. Zisheng Zhen, Entwicklungschef von Magontec Xi\u2019an (VR China) neue Entwicklungen bei der kriechfesten Legierung AE44 vor. Zu den vielen, aus aller Welt angereisten Fachvertretern z\u00e4hlten unter anderem die Herren Peter C. Wang und Ronald Chang von Foxconn aus Taiwan, die von Dip.-Ing. G\u00fcnter Riena\u00df im Namen von Magontec begr\u00fc\u00dft wurden (Foto). Erfreulich waren die Einsch\u00e4tzungen der nordamerikanischen Besucher zur wirtschaftlichen Entwicklung im Automotive-Sektor. Dort werden die Folgen der \u00f6konomischen Krise als weitgehend \u00fcberwunden betrachtet.<\/p>\n<p>Mit der Resonanz zeigte sich auch Christoph Klein-Schmeink, Head of Sales and Marketing der Magontec Group zufrieden. &#8220;Wir werden nun noch st\u00e4rker die Vorteile unserer Magnesiumlegierungen im Werkstoffwettbewerb herausstellen, insbesondere auch anhand unserer Neuentwicklungen&#8221;, so sein motivierendes Statement zum Verlauf der IMA Conference.<\/p>\n<p><a id=\"id40\" name=\"id40\"><\/a><\/p>\n","protected":false},"excerpt":{"rendered":"<p>Magontec nutzte die Jahreskonferenz der International Magnesium Association, um neue Anwendungen f\u00fcr Magnesiumlegierungen zu pr\u00e4sentieren. Der Automotive-Sektor bildete den Schwerpunkt der aus Legierungen von Magontec gefertigten Teile. Darunter befanden sich das Innenteil der Heckwandt\u00fcr eines f\u00fchrenden deutschen Autobauers auf der Grundlage von AM 50. Au\u00dferdem konnte ein Instrumententr\u00e4ger vorgestellt werden, der ebenfalls auf der Basis [&hellip;]<\/p>\n","protected":false},"author":6,"featured_media":5141,"comment_status":"open","ping_status":"open","sticky":false,"template":"","format":"standard","meta":{"_acf_changed":false,"footnotes":""},"categories":[8],"tags":[],"class_list":["post-5139","post","type-post","status-publish","format-standard","has-post-thumbnail","hentry","category-aktuelles"],"acf":[],"yoast_head":"<!-- This site is optimized with the Yoast SEO plugin v27.4 - https:\/\/yoast.com\/product\/yoast-seo-wordpress\/ -->\n<title>2011 Mai \u2013 IMA Conference in Prag \u2013 Internationale G\u00e4ste bei der Magontec Group zu Gast - Magontec<\/title>\n<meta name=\"robots\" content=\"index, follow, max-snippet:-1, max-image-preview:large, max-video-preview:-1\" \/>\n<link rel=\"canonical\" href=\"http:\/\/magontec.com\/de\/2011-mai-ima-conference-in-prag-internationale-gaeste-bei-der-magontec-group-zu-gast\/\" \/>\n<meta property=\"og:locale\" content=\"de_DE\" \/>\n<meta property=\"og:type\" content=\"article\" \/>\n<meta property=\"og:title\" content=\"2011 Mai \u2013 IMA Conference in Prag \u2013 Internationale G\u00e4ste bei der Magontec Group zu Gast - Magontec\" \/>\n<meta property=\"og:description\" content=\"Magontec nutzte die Jahreskonferenz der International Magnesium Association, um neue Anwendungen f\u00fcr Magnesiumlegierungen zu pr\u00e4sentieren. Der Automotive-Sektor bildete den Schwerpunkt der aus Legierungen von Magontec gefertigten Teile. Darunter befanden sich das Innenteil der Heckwandt\u00fcr eines f\u00fchrenden deutschen Autobauers auf der Grundlage von AM 50. Au\u00dferdem konnte ein Instrumententr\u00e4ger vorgestellt werden, der ebenfalls auf der Basis [&hellip;]\" \/>\n<meta property=\"og:url\" content=\"http:\/\/magontec.com\/de\/2011-mai-ima-conference-in-prag-internationale-gaeste-bei-der-magontec-group-zu-gast\/\" \/>\n<meta property=\"og:site_name\" content=\"Magontec\" \/>\n<meta property=\"article:published_time\" content=\"2011-05-21T11:00:12+00:00\" \/>\n<meta property=\"article:modified_time\" content=\"2017-03-17T13:26:09+00:00\" \/>\n<meta property=\"og:image\" content=\"http:\/\/magontec.com\/wp-content\/uploads\/2011\/05\/0606Magontec-IMA-Conference-new.jpg\" \/>\n\t<meta property=\"og:image:width\" content=\"594\" \/>\n\t<meta property=\"og:image:height\" content=\"379\" \/>\n\t<meta property=\"og:image:type\" content=\"image\/jpeg\" \/>\n<meta name=\"author\" content=\"Daniela Geier\" \/>\n<meta name=\"twitter:card\" content=\"summary_large_image\" \/>\n<meta name=\"twitter:label1\" content=\"Written by\" \/>\n\t<meta name=\"twitter:data1\" content=\"Daniela Geier\" \/>\n\t<meta name=\"twitter:label2\" content=\"Est. reading time\" \/>\n\t<meta name=\"twitter:data2\" content=\"1 minute\" \/>\n<script type=\"application\/ld+json\" class=\"yoast-schema-graph\">{\"@context\":\"https:\\\/\\\/schema.org\",\"@graph\":[{\"@type\":\"Article\",\"@id\":\"http:\\\/\\\/magontec.com\\\/de\\\/2011-mai-ima-conference-in-prag-internationale-gaeste-bei-der-magontec-group-zu-gast\\\/#article\",\"isPartOf\":{\"@id\":\"http:\\\/\\\/magontec.com\\\/de\\\/2011-mai-ima-conference-in-prag-internationale-gaeste-bei-der-magontec-group-zu-gast\\\/\"},\"author\":{\"name\":\"Daniela Geier\",\"@id\":\"http:\\\/\\\/magontec.com\\\/es\\\/#\\\/schema\\\/person\\\/34125ea457968c7521d39482e28d263d\"},\"headline\":\"2011 Mai \u2013 IMA Conference in Prag \u2013 Internationale G\u00e4ste bei der Magontec Group zu Gast\",\"datePublished\":\"2011-05-21T11:00:12+00:00\",\"dateModified\":\"2017-03-17T13:26:09+00:00\",\"mainEntityOfPage\":{\"@id\":\"http:\\\/\\\/magontec.com\\\/de\\\/2011-mai-ima-conference-in-prag-internationale-gaeste-bei-der-magontec-group-zu-gast\\\/\"},\"wordCount\":232,\"commentCount\":0,\"image\":{\"@id\":\"http:\\\/\\\/magontec.com\\\/de\\\/2011-mai-ima-conference-in-prag-internationale-gaeste-bei-der-magontec-group-zu-gast\\\/#primaryimage\"},\"thumbnailUrl\":\"http:\\\/\\\/magontec.com\\\/wp-content\\\/uploads\\\/2011\\\/05\\\/0606Magontec-IMA-Conference-new.jpg\",\"articleSection\":[\"Aktuelles\"],\"inLanguage\":\"de-DE\",\"potentialAction\":[{\"@type\":\"CommentAction\",\"name\":\"Comment\",\"target\":[\"http:\\\/\\\/magontec.com\\\/de\\\/2011-mai-ima-conference-in-prag-internationale-gaeste-bei-der-magontec-group-zu-gast\\\/#respond\"]}]},{\"@type\":\"WebPage\",\"@id\":\"http:\\\/\\\/magontec.com\\\/de\\\/2011-mai-ima-conference-in-prag-internationale-gaeste-bei-der-magontec-group-zu-gast\\\/\",\"url\":\"http:\\\/\\\/magontec.com\\\/de\\\/2011-mai-ima-conference-in-prag-internationale-gaeste-bei-der-magontec-group-zu-gast\\\/\",\"name\":\"2011 Mai \u2013 IMA Conference in Prag \u2013 Internationale G\u00e4ste bei der Magontec Group zu Gast - Magontec\",\"isPartOf\":{\"@id\":\"http:\\\/\\\/magontec.com\\\/es\\\/#website\"},\"primaryImageOfPage\":{\"@id\":\"http:\\\/\\\/magontec.com\\\/de\\\/2011-mai-ima-conference-in-prag-internationale-gaeste-bei-der-magontec-group-zu-gast\\\/#primaryimage\"},\"image\":{\"@id\":\"http:\\\/\\\/magontec.com\\\/de\\\/2011-mai-ima-conference-in-prag-internationale-gaeste-bei-der-magontec-group-zu-gast\\\/#primaryimage\"},\"thumbnailUrl\":\"http:\\\/\\\/magontec.com\\\/wp-content\\\/uploads\\\/2011\\\/05\\\/0606Magontec-IMA-Conference-new.jpg\",\"datePublished\":\"2011-05-21T11:00:12+00:00\",\"dateModified\":\"2017-03-17T13:26:09+00:00\",\"author\":{\"@id\":\"http:\\\/\\\/magontec.com\\\/es\\\/#\\\/schema\\\/person\\\/34125ea457968c7521d39482e28d263d\"},\"breadcrumb\":{\"@id\":\"http:\\\/\\\/magontec.com\\\/de\\\/2011-mai-ima-conference-in-prag-internationale-gaeste-bei-der-magontec-group-zu-gast\\\/#breadcrumb\"},\"inLanguage\":\"de-DE\",\"potentialAction\":[{\"@type\":\"ReadAction\",\"target\":[\"http:\\\/\\\/magontec.com\\\/de\\\/2011-mai-ima-conference-in-prag-internationale-gaeste-bei-der-magontec-group-zu-gast\\\/\"]}]},{\"@type\":\"ImageObject\",\"inLanguage\":\"de-DE\",\"@id\":\"http:\\\/\\\/magontec.com\\\/de\\\/2011-mai-ima-conference-in-prag-internationale-gaeste-bei-der-magontec-group-zu-gast\\\/#primaryimage\",\"url\":\"http:\\\/\\\/magontec.com\\\/wp-content\\\/uploads\\\/2011\\\/05\\\/0606Magontec-IMA-Conference-new.jpg\",\"contentUrl\":\"http:\\\/\\\/magontec.com\\\/wp-content\\\/uploads\\\/2011\\\/05\\\/0606Magontec-IMA-Conference-new.jpg\",\"width\":594,\"height\":379},{\"@type\":\"BreadcrumbList\",\"@id\":\"http:\\\/\\\/magontec.com\\\/de\\\/2011-mai-ima-conference-in-prag-internationale-gaeste-bei-der-magontec-group-zu-gast\\\/#breadcrumb\",\"itemListElement\":[{\"@type\":\"ListItem\",\"position\":1,\"name\":\"Home\",\"item\":\"https:\\\/\\\/magontec.com\\\/de\\\/\"},{\"@type\":\"ListItem\",\"position\":2,\"name\":\"2011 Mai \u2013 IMA Conference in Prag \u2013 Internationale G\u00e4ste bei der Magontec Group zu Gast\"}]},{\"@type\":\"WebSite\",\"@id\":\"http:\\\/\\\/magontec.com\\\/es\\\/#website\",\"url\":\"http:\\\/\\\/magontec.com\\\/es\\\/\",\"name\":\"Magontec\",\"description\":\"\",\"potentialAction\":[{\"@type\":\"SearchAction\",\"target\":{\"@type\":\"EntryPoint\",\"urlTemplate\":\"http:\\\/\\\/magontec.com\\\/es\\\/?s={search_term_string}\"},\"query-input\":{\"@type\":\"PropertyValueSpecification\",\"valueRequired\":true,\"valueName\":\"search_term_string\"}}],\"inLanguage\":\"de-DE\"},{\"@type\":\"Person\",\"@id\":\"http:\\\/\\\/magontec.com\\\/es\\\/#\\\/schema\\\/person\\\/34125ea457968c7521d39482e28d263d\",\"name\":\"Daniela Geier\",\"image\":{\"@type\":\"ImageObject\",\"inLanguage\":\"de-DE\",\"@id\":\"https:\\\/\\\/secure.gravatar.com\\\/avatar\\\/b13194d81c27f63a96151fd22ecdfb02b71145550f3025f096f0f3cb4e0e16f4?s=96&d=mm&r=g\",\"url\":\"https:\\\/\\\/secure.gravatar.com\\\/avatar\\\/b13194d81c27f63a96151fd22ecdfb02b71145550f3025f096f0f3cb4e0e16f4?s=96&d=mm&r=g\",\"contentUrl\":\"https:\\\/\\\/secure.gravatar.com\\\/avatar\\\/b13194d81c27f63a96151fd22ecdfb02b71145550f3025f096f0f3cb4e0e16f4?s=96&d=mm&r=g\",\"caption\":\"Daniela Geier\"},\"url\":\"http:\\\/\\\/magontec.com\\\/de\\\/author\\\/danielageier\\\/\"}]}<\/script>\n<!-- \/ Yoast SEO plugin. -->","yoast_head_json":{"title":"2011 Mai \u2013 IMA Conference in Prag \u2013 Internationale G\u00e4ste bei der Magontec Group zu Gast - Magontec","robots":{"index":"index","follow":"follow","max-snippet":"max-snippet:-1","max-image-preview":"max-image-preview:large","max-video-preview":"max-video-preview:-1"},"canonical":"http:\/\/magontec.com\/de\/2011-mai-ima-conference-in-prag-internationale-gaeste-bei-der-magontec-group-zu-gast\/","og_locale":"de_DE","og_type":"article","og_title":"2011 Mai \u2013 IMA Conference in Prag \u2013 Internationale G\u00e4ste bei der Magontec Group zu Gast - Magontec","og_description":"Magontec nutzte die Jahreskonferenz der International Magnesium Association, um neue Anwendungen f\u00fcr Magnesiumlegierungen zu pr\u00e4sentieren. Der Automotive-Sektor bildete den Schwerpunkt der aus Legierungen von Magontec gefertigten Teile. Darunter befanden sich das Innenteil der Heckwandt\u00fcr eines f\u00fchrenden deutschen Autobauers auf der Grundlage von AM 50. Au\u00dferdem konnte ein Instrumententr\u00e4ger vorgestellt werden, der ebenfalls auf der Basis [&hellip;]","og_url":"http:\/\/magontec.com\/de\/2011-mai-ima-conference-in-prag-internationale-gaeste-bei-der-magontec-group-zu-gast\/","og_site_name":"Magontec","article_published_time":"2011-05-21T11:00:12+00:00","article_modified_time":"2017-03-17T13:26:09+00:00","og_image":[{"width":594,"height":379,"url":"http:\/\/magontec.com\/wp-content\/uploads\/2011\/05\/0606Magontec-IMA-Conference-new.jpg","type":"image\/jpeg"}],"author":"Daniela Geier","twitter_card":"summary_large_image","twitter_misc":{"Written by":"Daniela Geier","Est. reading time":"1 minute"},"schema":{"@context":"https:\/\/schema.org","@graph":[{"@type":"Article","@id":"http:\/\/magontec.com\/de\/2011-mai-ima-conference-in-prag-internationale-gaeste-bei-der-magontec-group-zu-gast\/#article","isPartOf":{"@id":"http:\/\/magontec.com\/de\/2011-mai-ima-conference-in-prag-internationale-gaeste-bei-der-magontec-group-zu-gast\/"},"author":{"name":"Daniela Geier","@id":"http:\/\/magontec.com\/es\/#\/schema\/person\/34125ea457968c7521d39482e28d263d"},"headline":"2011 Mai \u2013 IMA Conference in Prag \u2013 Internationale G\u00e4ste bei der Magontec Group zu Gast","datePublished":"2011-05-21T11:00:12+00:00","dateModified":"2017-03-17T13:26:09+00:00","mainEntityOfPage":{"@id":"http:\/\/magontec.com\/de\/2011-mai-ima-conference-in-prag-internationale-gaeste-bei-der-magontec-group-zu-gast\/"},"wordCount":232,"commentCount":0,"image":{"@id":"http:\/\/magontec.com\/de\/2011-mai-ima-conference-in-prag-internationale-gaeste-bei-der-magontec-group-zu-gast\/#primaryimage"},"thumbnailUrl":"http:\/\/magontec.com\/wp-content\/uploads\/2011\/05\/0606Magontec-IMA-Conference-new.jpg","articleSection":["Aktuelles"],"inLanguage":"de-DE","potentialAction":[{"@type":"CommentAction","name":"Comment","target":["http:\/\/magontec.com\/de\/2011-mai-ima-conference-in-prag-internationale-gaeste-bei-der-magontec-group-zu-gast\/#respond"]}]},{"@type":"WebPage","@id":"http:\/\/magontec.com\/de\/2011-mai-ima-conference-in-prag-internationale-gaeste-bei-der-magontec-group-zu-gast\/","url":"http:\/\/magontec.com\/de\/2011-mai-ima-conference-in-prag-internationale-gaeste-bei-der-magontec-group-zu-gast\/","name":"2011 Mai \u2013 IMA Conference in Prag \u2013 Internationale G\u00e4ste bei der Magontec Group zu Gast - Magontec","isPartOf":{"@id":"http:\/\/magontec.com\/es\/#website"},"primaryImageOfPage":{"@id":"http:\/\/magontec.com\/de\/2011-mai-ima-conference-in-prag-internationale-gaeste-bei-der-magontec-group-zu-gast\/#primaryimage"},"image":{"@id":"http:\/\/magontec.com\/de\/2011-mai-ima-conference-in-prag-internationale-gaeste-bei-der-magontec-group-zu-gast\/#primaryimage"},"thumbnailUrl":"http:\/\/magontec.com\/wp-content\/uploads\/2011\/05\/0606Magontec-IMA-Conference-new.jpg","datePublished":"2011-05-21T11:00:12+00:00","dateModified":"2017-03-17T13:26:09+00:00","author":{"@id":"http:\/\/magontec.com\/es\/#\/schema\/person\/34125ea457968c7521d39482e28d263d"},"breadcrumb":{"@id":"http:\/\/magontec.com\/de\/2011-mai-ima-conference-in-prag-internationale-gaeste-bei-der-magontec-group-zu-gast\/#breadcrumb"},"inLanguage":"de-DE","potentialAction":[{"@type":"ReadAction","target":["http:\/\/magontec.com\/de\/2011-mai-ima-conference-in-prag-internationale-gaeste-bei-der-magontec-group-zu-gast\/"]}]},{"@type":"ImageObject","inLanguage":"de-DE","@id":"http:\/\/magontec.com\/de\/2011-mai-ima-conference-in-prag-internationale-gaeste-bei-der-magontec-group-zu-gast\/#primaryimage","url":"http:\/\/magontec.com\/wp-content\/uploads\/2011\/05\/0606Magontec-IMA-Conference-new.jpg","contentUrl":"http:\/\/magontec.com\/wp-content\/uploads\/2011\/05\/0606Magontec-IMA-Conference-new.jpg","width":594,"height":379},{"@type":"BreadcrumbList","@id":"http:\/\/magontec.com\/de\/2011-mai-ima-conference-in-prag-internationale-gaeste-bei-der-magontec-group-zu-gast\/#breadcrumb","itemListElement":[{"@type":"ListItem","position":1,"name":"Home","item":"https:\/\/magontec.com\/de\/"},{"@type":"ListItem","position":2,"name":"2011 Mai \u2013 IMA Conference in Prag \u2013 Internationale G\u00e4ste bei der Magontec Group zu Gast"}]},{"@type":"WebSite","@id":"http:\/\/magontec.com\/es\/#website","url":"http:\/\/magontec.com\/es\/","name":"Magontec","description":"","potentialAction":[{"@type":"SearchAction","target":{"@type":"EntryPoint","urlTemplate":"http:\/\/magontec.com\/es\/?s={search_term_string}"},"query-input":{"@type":"PropertyValueSpecification","valueRequired":true,"valueName":"search_term_string"}}],"inLanguage":"de-DE"},{"@type":"Person","@id":"http:\/\/magontec.com\/es\/#\/schema\/person\/34125ea457968c7521d39482e28d263d","name":"Daniela Geier","image":{"@type":"ImageObject","inLanguage":"de-DE","@id":"https:\/\/secure.gravatar.com\/avatar\/b13194d81c27f63a96151fd22ecdfb02b71145550f3025f096f0f3cb4e0e16f4?s=96&d=mm&r=g","url":"https:\/\/secure.gravatar.com\/avatar\/b13194d81c27f63a96151fd22ecdfb02b71145550f3025f096f0f3cb4e0e16f4?s=96&d=mm&r=g","contentUrl":"https:\/\/secure.gravatar.com\/avatar\/b13194d81c27f63a96151fd22ecdfb02b71145550f3025f096f0f3cb4e0e16f4?s=96&d=mm&r=g","caption":"Daniela Geier"},"url":"http:\/\/magontec.com\/de\/author\/danielageier\/"}]}},"_links":{"self":[{"href":"http:\/\/magontec.com\/de\/wp-json\/wp\/v2\/posts\/5139","targetHints":{"allow":["GET"]}}],"collection":[{"href":"http:\/\/magontec.com\/de\/wp-json\/wp\/v2\/posts"}],"about":[{"href":"http:\/\/magontec.com\/de\/wp-json\/wp\/v2\/types\/post"}],"author":[{"embeddable":true,"href":"http:\/\/magontec.com\/de\/wp-json\/wp\/v2\/users\/6"}],"replies":[{"embeddable":true,"href":"http:\/\/magontec.com\/de\/wp-json\/wp\/v2\/comments?post=5139"}],"version-history":[{"count":0,"href":"http:\/\/magontec.com\/de\/wp-json\/wp\/v2\/posts\/5139\/revisions"}],"wp:featuredmedia":[{"embeddable":true,"href":"http:\/\/magontec.com\/de\/wp-json\/wp\/v2\/media\/5141"}],"wp:attachment":[{"href":"http:\/\/magontec.com\/de\/wp-json\/wp\/v2\/media?parent=5139"}],"wp:term":[{"taxonomy":"category","embeddable":true,"href":"http:\/\/magontec.com\/de\/wp-json\/wp\/v2\/categories?post=5139"},{"taxonomy":"post_tag","embeddable":true,"href":"http:\/\/magontec.com\/de\/wp-json\/wp\/v2\/tags?post=5139"}],"curies":[{"name":"wp","href":"https:\/\/api.w.org\/{rel}","templated":true}]}}